{"id":611,"date":"2020-07-10T22:37:31","date_gmt":"2020-07-10T21:37:31","guid":{"rendered":"http:\/\/graziella.delladio.it\/wp\/?p=611"},"modified":"2022-08-07T10:37:44","modified_gmt":"2022-08-07T09:37:44","slug":"chantecler-ii","status":"publish","type":"post","link":"https:\/\/graziella.delladio.it\/wp\/2020\/07\/10\/chantecler-ii\/","title":{"rendered":"Chantecler II"},"content":{"rendered":"<p><a href=\"https:\/\/i0.wp.com\/graziella.delladio.it\/wp\/wp-content\/uploads\/2020\/07\/IMG_20200626_171014-scaled.jpg?ssl=1\" target=\"_blank\" rel=\"noopener noreferrer\"><img data-recalc-dims=\"1\" loading=\"lazy\" decoding=\"async\" data-attachment-id=\"612\" data-permalink=\"https:\/\/graziella.delladio.it\/wp\/2020\/07\/10\/chantecler-ii\/img_20200626_171014\/\" data-orig-file=\"https:\/\/i0.wp.com\/graziella.delladio.it\/wp\/wp-content\/uploads\/2020\/07\/IMG_20200626_171014-scaled.jpg?fit=1920%2C2560&amp;ssl=1\" data-orig-size=\"1920,2560\" data-comments-opened=\"1\" data-image-meta=\"{&quot;aperture&quot;:&quot;0.61&quot;,&quot;credit&quot;:&quot;&quot;,&quot;camera&quot;:&quot;&quot;,&quot;caption&quot;:&quot;&quot;,&quot;created_timestamp&quot;:&quot;1593191414&quot;,&quot;copyright&quot;:&quot;&quot;,&quot;focal_length&quot;:&quot;4.71&quot;,&quot;iso&quot;:&quot;2616&quot;,&quot;shutter_speed&quot;:&quot;0.058823529411765&quot;,&quot;title&quot;:&quot;&quot;,&quot;orientation&quot;:&quot;1&quot;}\" data-image-title=\"IMG_20200626_171014\" data-image-description=\"\" data-image-caption=\"\" data-large-file=\"https:\/\/i0.wp.com\/graziella.delladio.it\/wp\/wp-content\/uploads\/2020\/07\/IMG_20200626_171014-scaled.jpg?fit=768%2C1024&amp;ssl=1\" class=\"alignleft wp-image-612 size-medium\" src=\"https:\/\/i0.wp.com\/graziella.delladio.it\/wp\/wp-content\/uploads\/2020\/07\/IMG_20200626_171014.jpg?resize=225%2C300&#038;ssl=1\" alt=\"\" width=\"225\" height=\"300\" srcset=\"https:\/\/i0.wp.com\/graziella.delladio.it\/wp\/wp-content\/uploads\/2020\/07\/IMG_20200626_171014-scaled.jpg?resize=225%2C300&amp;ssl=1 225w, https:\/\/i0.wp.com\/graziella.delladio.it\/wp\/wp-content\/uploads\/2020\/07\/IMG_20200626_171014-scaled.jpg?resize=768%2C1024&amp;ssl=1 768w, https:\/\/i0.wp.com\/graziella.delladio.it\/wp\/wp-content\/uploads\/2020\/07\/IMG_20200626_171014-scaled.jpg?resize=1152%2C1536&amp;ssl=1 1152w, https:\/\/i0.wp.com\/graziella.delladio.it\/wp\/wp-content\/uploads\/2020\/07\/IMG_20200626_171014-scaled.jpg?resize=1536%2C2048&amp;ssl=1 1536w, https:\/\/i0.wp.com\/graziella.delladio.it\/wp\/wp-content\/uploads\/2020\/07\/IMG_20200626_171014-scaled.jpg?w=1920&amp;ssl=1 1920w\" sizes=\"auto, (max-width: 225px) 100vw, 225px\" \/><\/a><\/p>\n<p>Copia Olio su tela di cm 35&#215;50 ho scelto questa immagine per curiosit\u00e0 e per cercare di capire il significato dei soggetti illustrati. Non ci sono riuscita, ovvero mi sono fatta un&#8217;idea tutta mia. Sicuramente sbagliata. Titolo originale Chantecler II dato dall&#8217;autore Rafal Olbinski.<\/p>\n<p>Io avverto in questa opera una riproposizione di un classico maschile inserito in un contesto giocoso dei due soggetti femminili. Se qualcuno volesse aiutarmi a capire il significato che pi\u00f9 si addice, n\u00e9 sarei felice.<br \/>\n<span style=\"font-weight:400;\">L&#8217;originale \u00e8 stato creato dall&#8217;illustratore e pittore di origine polacca, Rafal Olbinski (Kielce \u2013 21 Febbraio 1943) si \u00e8 laureato in architettura alla Scuola Politecnica di Varsavia nel 1969. La sua carriera artistica inizia nel 1981 quando si trasferisce negli Stati Uniti dove raggiunge la notoriet\u00e0 come pittore, illustratore e designer. Lo stile particolare dell\u2019arte di Olbinski presenta note surrealiste riconducibili a <\/span><b>Rene Magritte<\/b><span style=\"font-weight:400;\">: le tele cristallizzano atmosfere sognanti e irreali, composizioni di eccezionale poeticit\u00e0, costruite su abbinamenti assurdi che sembrano richiamare la sfera del subconscio. Queste presenze, che si materializzano spesso sullo sfondo di cieli azzurri costellati di nuvole leggere, compiono atti illogici, si trasformano in scena compiendo metamorfosi assurde: spariscono, riappaiono sospese a mezz\u2019aria, si fondono tra loro dando origine a creature di fantasia. La generale sovversione delle regole d\u00e0 luogo ad ambientazioni impossibili ed estranee dal tempo, ispirandosi alla libert\u00e0 inventiva del mondo onirico, alla serena poesia illogica del sogno. <\/span><\/p>\n","protected":false},"excerpt":{"rendered":"<p>Copia Olio su tela di cm 35&#215;50 ho scelto questa immagine per curiosit\u00e0 e per cercare di capire il significato dei soggetti illustrati. Non ci sono riuscita, ovvero mi sono fatta un&#8217;idea tutta mia. Sicuramente sbagliata. Titolo originale Chantecler II dato dall&#8217;autore Rafal Olbinski. Io avverto in questa opera una riproposizione di un classico maschile inserito in un contesto giocoso dei due soggetti femminili. Se qualcuno volesse aiutarmi a capire il significato che pi\u00f9 si addice, n\u00e9 sarei felice. L&#8217;originale \u00e8 stato creato dall&#8217;illustratore e pittore di origine polacca, Rafal Olbinski (Kielce \u2013 21 Febbraio 1943) si \u00e8 laureato in architettura alla Scuola Politecnica di<a class=\"more-link\" href=\"https:\/\/graziella.delladio.it\/wp\/2020\/07\/10\/chantecler-ii\/\">Leggi altro &rarr;<\/a><\/p>\n","protected":false},"author":1,"featured_media":616,"comment_status":"open","ping_status":"open","sticky":false,"template":"","format":"standard","meta":{"jetpack_post_was_ever_published":false,"_jetpack_newsletter_access":"","_jetpack_dont_email_post_to_subs":false,"_jetpack_newsletter_tier_id":0,"_jetpack_memberships_contains_paywalled_content":false,"_jetpack_memberships_contains_paid_content":false,"footnotes":"","jetpack_publicize_message":"","jetpack_publicize_feature_enabled":true,"jetpack_social_post_already_shared":true,"jetpack_social_options":{"image_generator_settings":{"template":"highway","default_image_id":0,"font":"","enabled":false},"version":2}},"categories":[11],"tags":[],"class_list":["entry","author-admin","post-611","post","type-post","status-publish","format-standard","has-post-thumbnail","category-olio"],"jetpack_publicize_connections":[],"jetpack_featured_media_url":"https:\/\/i0.wp.com\/graziella.delladio.it\/wp\/wp-content\/uploads\/2020\/07\/rendez-vous-rafal-olbinski-inspired-silvano-franzi-e1594416958228.jpg?fit=900%2C506&ssl=1","jetpack_sharing_enabled":true,"jetpack_shortlink":"https:\/\/wp.me\/p76ahg-9R","jetpack_likes_enabled":true,"_links":{"self":[{"href":"https:\/\/graziella.delladio.it\/wp\/wp-json\/wp\/v2\/posts\/611","targetHints":{"allow":["GET"]}}],"collection":[{"href":"https:\/\/graziella.delladio.it\/wp\/wp-json\/wp\/v2\/posts"}],"about":[{"href":"https:\/\/graziella.delladio.it\/wp\/wp-json\/wp\/v2\/types\/post"}],"author":[{"embeddable":true,"href":"https:\/\/graziella.delladio.it\/wp\/wp-json\/wp\/v2\/users\/1"}],"replies":[{"embeddable":true,"href":"https:\/\/graziella.delladio.it\/wp\/wp-json\/wp\/v2\/comments?post=611"}],"version-history":[{"count":9,"href":"https:\/\/graziella.delladio.it\/wp\/wp-json\/wp\/v2\/posts\/611\/revisions"}],"predecessor-version":[{"id":1361,"href":"https:\/\/graziella.delladio.it\/wp\/wp-json\/wp\/v2\/posts\/611\/revisions\/1361"}],"wp:featuredmedia":[{"embeddable":true,"href":"https:\/\/graziella.delladio.it\/wp\/wp-json\/wp\/v2\/media\/616"}],"wp:attachment":[{"href":"https:\/\/graziella.delladio.it\/wp\/wp-json\/wp\/v2\/media?parent=611"}],"wp:term":[{"taxonomy":"category","embeddable":true,"href":"https:\/\/graziella.delladio.it\/wp\/wp-json\/wp\/v2\/categories?post=611"},{"taxonomy":"post_tag","embeddable":true,"href":"https:\/\/graziella.delladio.it\/wp\/wp-json\/wp\/v2\/tags?post=611"}],"curies":[{"name":"wp","href":"https:\/\/api.w.org\/{rel}","templated":true}]}}